{"id":4473,"date":"2026-04-26T21:46:21","date_gmt":"2026-04-27T01:46:21","guid":{"rendered":"https:\/\/run.tribudelattre.ca\/?p=4473"},"modified":"2026-04-26T21:55:12","modified_gmt":"2026-04-27T01:55:12","slug":"pluie-de-records-a-londres-2026","status":"publish","type":"post","link":"https:\/\/run.tribudelattre.ca\/index.php\/2026\/04\/26\/pluie-de-records-a-londres-2026\/","title":{"rendered":"Pluie de records \u00e0 Londres 2026"},"content":{"rendered":"\n<p><strong>Chicago 2023<\/strong><\/p>\n\n\n\n<p>Kiptum bat le record du monde du Marathon en 2h00&rsquo;35\u00a0\u00bb \u00e0 Chicago en 2023. <\/p>\n\n\n\n<figure class=\"wp-block-image size-large\"><img decoding=\"async\" width=\"1024\" height=\"575\" src=\"https:\/\/run.tribudelattre.ca\/wp-content\/uploads\/2026\/04\/image-4-1024x575.png\" alt=\"\" class=\"wp-image-4454\" srcset=\"https:\/\/run.tribudelattre.ca\/wp-content\/uploads\/2026\/04\/image-4-1024x575.png 1024w, https:\/\/run.tribudelattre.ca\/wp-content\/uploads\/2026\/04\/image-4-300x169.png 300w, https:\/\/run.tribudelattre.ca\/wp-content\/uploads\/2026\/04\/image-4-768x432.png 768w, https:\/\/run.tribudelattre.ca\/wp-content\/uploads\/2026\/04\/image-4-1110x624.png 1110w, https:\/\/run.tribudelattre.ca\/wp-content\/uploads\/2026\/04\/image-4-528x297.png 528w, https:\/\/run.tribudelattre.ca\/wp-content\/uploads\/2026\/04\/image-4.png 1260w\" sizes=\"(max-width: 1024px) 100vw, 1024px\" \/><\/figure>\n\n\n\n<figure class=\"wp-block-image size-full\"><img decoding=\"async\" width=\"640\" height=\"639\" src=\"https:\/\/run.tribudelattre.ca\/wp-content\/uploads\/2026\/04\/image-12.png\" alt=\"\" class=\"wp-image-4465\" srcset=\"https:\/\/run.tribudelattre.ca\/wp-content\/uploads\/2026\/04\/image-12.png 640w, https:\/\/run.tribudelattre.ca\/wp-content\/uploads\/2026\/04\/image-12-300x300.png 300w, https:\/\/run.tribudelattre.ca\/wp-content\/uploads\/2026\/04\/image-12-150x150.png 150w, https:\/\/run.tribudelattre.ca\/wp-content\/uploads\/2026\/04\/image-12-510x510.png 510w\" sizes=\"(max-width: 640px) 100vw, 640px\" \/><\/figure>\n\n\n\n<p><\/p>\n\n\n\n<p><strong>Londres 2026<\/strong><\/p>\n\n\n\n<p>Deux records du monde battus et l&rsquo;un par 3 fois!<\/p>\n\n\n\n<p><strong>Pour les femmes<\/strong><\/p>\n\n\n\n<p><strong>Assefa &#8211; 2h15&rsquo;41\u00a0\u00bb<\/strong><\/p>\n\n\n\n<figure class=\"wp-block-image size-full\"><img decoding=\"async\" width=\"640\" height=\"639\" src=\"https:\/\/run.tribudelattre.ca\/wp-content\/uploads\/2026\/04\/image-11.png\" alt=\"\" class=\"wp-image-4464\" srcset=\"https:\/\/run.tribudelattre.ca\/wp-content\/uploads\/2026\/04\/image-11.png 640w, https:\/\/run.tribudelattre.ca\/wp-content\/uploads\/2026\/04\/image-11-300x300.png 300w, https:\/\/run.tribudelattre.ca\/wp-content\/uploads\/2026\/04\/image-11-150x150.png 150w, https:\/\/run.tribudelattre.ca\/wp-content\/uploads\/2026\/04\/image-11-510x510.png 510w\" sizes=\"(max-width: 640px) 100vw, 640px\" \/><\/figure>\n\n\n\n<p><strong>Pour les hommes<\/strong><\/p>\n\n\n\n<p><strong>Sebastian Sawe &#8211; 1h59&rsquo;30\u00a0\u00bb<\/strong><\/p>\n\n\n\n<figure class=\"wp-block-image size-large is-resized\"><img decoding=\"async\" width=\"1024\" height=\"419\" src=\"https:\/\/run.tribudelattre.ca\/wp-content\/uploads\/2026\/04\/image-16-1024x419.png\" alt=\"\" class=\"wp-image-4469\" style=\"width:679px;height:auto\" srcset=\"https:\/\/run.tribudelattre.ca\/wp-content\/uploads\/2026\/04\/image-16-1024x419.png 1024w, https:\/\/run.tribudelattre.ca\/wp-content\/uploads\/2026\/04\/image-16-300x123.png 300w, https:\/\/run.tribudelattre.ca\/wp-content\/uploads\/2026\/04\/image-16-768x315.png 768w, https:\/\/run.tribudelattre.ca\/wp-content\/uploads\/2026\/04\/image-16.png 1094w\" sizes=\"(max-width: 1024px) 100vw, 1024px\" \/><\/figure>\n\n\n\n<p><strong>Yomif Kejelcha &#8211; 1h59&rsquo;41\u00a0\u00bb<\/strong><\/p>\n\n\n\n<p>2eme au 10k de 2025 \u00e0 Tokyo derri\u00e8re Jimmy Gressier. L&rsquo;interview d&rsquo;apr\u00e8s course le montre jovial et heureux suite \u00e0 sa performance. (voir: <a href=\"https:\/\/www.youtube.com\/watch?v=IEB7sRB0Jzk\" target=\"_blank\" rel=\"noreferrer noopener\">https:\/\/www.youtube.com\/watch?v=IEB7sRB0Jzk<\/a>)<\/p>\n\n\n\n<figure class=\"wp-block-image size-large\"><img decoding=\"async\" width=\"1024\" height=\"576\" src=\"https:\/\/run.tribudelattre.ca\/wp-content\/uploads\/2026\/04\/image-9-1024x576.png\" alt=\"\" class=\"wp-image-4461\" srcset=\"https:\/\/run.tribudelattre.ca\/wp-content\/uploads\/2026\/04\/image-9-1024x576.png 1024w, https:\/\/run.tribudelattre.ca\/wp-content\/uploads\/2026\/04\/image-9-300x169.png 300w, https:\/\/run.tribudelattre.ca\/wp-content\/uploads\/2026\/04\/image-9-768x432.png 768w, https:\/\/run.tribudelattre.ca\/wp-content\/uploads\/2026\/04\/image-9-1110x624.png 1110w, https:\/\/run.tribudelattre.ca\/wp-content\/uploads\/2026\/04\/image-9-528x297.png 528w, https:\/\/run.tribudelattre.ca\/wp-content\/uploads\/2026\/04\/image-9.png 1200w\" sizes=\"(max-width: 1024px) 100vw, 1024px\" \/><\/figure>\n\n\n\n<figure class=\"wp-block-image size-large is-resized\"><img decoding=\"async\" width=\"1024\" height=\"737\" src=\"https:\/\/run.tribudelattre.ca\/wp-content\/uploads\/2026\/04\/image-13-1024x737.png\" alt=\"\" class=\"wp-image-4466\" style=\"width:632px;height:auto\" srcset=\"https:\/\/run.tribudelattre.ca\/wp-content\/uploads\/2026\/04\/image-13-1024x737.png 1024w, https:\/\/run.tribudelattre.ca\/wp-content\/uploads\/2026\/04\/image-13-300x216.png 300w, https:\/\/run.tribudelattre.ca\/wp-content\/uploads\/2026\/04\/image-13-768x553.png 768w, https:\/\/run.tribudelattre.ca\/wp-content\/uploads\/2026\/04\/image-13.png 1136w\" sizes=\"(max-width: 1024px) 100vw, 1024px\" \/><\/figure>\n\n\n\n<p><strong>Jacob Kiplimo &#8211; 2h00&rsquo;28\u00a0\u00bb<\/strong><\/p>\n\n\n\n<p>Il ne vient pas de nulle part, il est le d\u00e9tenteur du record du monde sur le 21k (57&rsquo;20\u00a0\u00bb le 8 mars 2026, soit un peu plus d&rsquo;un mois avant le marathon!)<\/p>\n\n\n\n<figure class=\"wp-block-image size-full is-resized\"><img decoding=\"async\" width=\"194\" height=\"259\" src=\"https:\/\/run.tribudelattre.ca\/wp-content\/uploads\/2026\/04\/image-10.png\" alt=\"\" class=\"wp-image-4463\" style=\"width:432px;height:auto\"\/><\/figure>\n\n\n\n<figure class=\"wp-block-image size-full is-resized\"><img decoding=\"async\" width=\"982\" height=\"876\" src=\"https:\/\/run.tribudelattre.ca\/wp-content\/uploads\/2026\/04\/image-14.png\" alt=\"\" class=\"wp-image-4467\" style=\"aspect-ratio:1.1210332307862865;width:622px;height:auto\" srcset=\"https:\/\/run.tribudelattre.ca\/wp-content\/uploads\/2026\/04\/image-14.png 982w, https:\/\/run.tribudelattre.ca\/wp-content\/uploads\/2026\/04\/image-14-300x268.png 300w, https:\/\/run.tribudelattre.ca\/wp-content\/uploads\/2026\/04\/image-14-768x685.png 768w\" sizes=\"(max-width: 982px) 100vw, 982px\" \/><\/figure>\n\n\n\n<p>Sources:<\/p>\n\n\n\n<p>Wikip\u00e9dia pour les records et Google Images pour les images.<\/p>\n","protected":false},"excerpt":{"rendered":"<p>Chicago 2023 Kiptum bat le record du monde du Marathon en 2h00&rsquo;35\u00a0\u00bb \u00e0 Chicago en 2023. Londres 2026 Deux records du monde battus et l&rsquo;un par 3 fois! Pour les femmes Assefa &#8211; 2h15&rsquo;41\u00a0\u00bb Pour les hommes Sebastian Sawe &#8211; 1h59&rsquo;30\u00a0\u00bb Yomif Kejelcha &#8211; 1h59&rsquo;41\u00a0\u00bb 2eme au 10k de 2025 \u00e0 Tokyo derri\u00e8re Jimmy Gressier. [&hellip;]<\/p>\n","protected":false},"author":1,"featured_media":4458,"comment_status":"open","ping_status":"open","sticky":false,"template":"","format":"standard","meta":{"footnotes":""},"categories":[1],"tags":[],"class_list":{"0":"post-4473","1":"post","2":"type-post","3":"status-publish","4":"format-standard","5":"has-post-thumbnail","7":"category-non-classe","8":"czr-hentry"},"_links":{"self":[{"href":"https:\/\/run.tribudelattre.ca\/index.php\/wp-json\/wp\/v2\/posts\/4473","targetHints":{"allow":["GET"]}}],"collection":[{"href":"https:\/\/run.tribudelattre.ca\/index.php\/wp-json\/wp\/v2\/posts"}],"about":[{"href":"https:\/\/run.tribudelattre.ca\/index.php\/wp-json\/wp\/v2\/types\/post"}],"author":[{"embeddable":true,"href":"https:\/\/run.tribudelattre.ca\/index.php\/wp-json\/wp\/v2\/users\/1"}],"replies":[{"embeddable":true,"href":"https:\/\/run.tribudelattre.ca\/index.php\/wp-json\/wp\/v2\/comments?post=4473"}],"version-history":[{"count":2,"href":"https:\/\/run.tribudelattre.ca\/index.php\/wp-json\/wp\/v2\/posts\/4473\/revisions"}],"predecessor-version":[{"id":4476,"href":"https:\/\/run.tribudelattre.ca\/index.php\/wp-json\/wp\/v2\/posts\/4473\/revisions\/4476"}],"wp:featuredmedia":[{"embeddable":true,"href":"https:\/\/run.tribudelattre.ca\/index.php\/wp-json\/wp\/v2\/media\/4458"}],"wp:attachment":[{"href":"https:\/\/run.tribudelattre.ca\/index.php\/wp-json\/wp\/v2\/media?parent=4473"}],"wp:term":[{"taxonomy":"category","embeddable":true,"href":"https:\/\/run.tribudelattre.ca\/index.php\/wp-json\/wp\/v2\/categories?post=4473"},{"taxonomy":"post_tag","embeddable":true,"href":"https:\/\/run.tribudelattre.ca\/index.php\/wp-json\/wp\/v2\/tags?post=4473"}],"curies":[{"name":"wp","href":"https:\/\/api.w.org\/{rel}","templated":true}]}}